{"id":289,"date":"2026-08-30T20:31:15","date_gmt":"2026-08-30T18:31:15","guid":{"rendered":"https:\/\/allervoirailleurssijysuis.fr\/?p=289"},"modified":"2026-08-30T20:31:15","modified_gmt":"2026-08-30T18:31:15","slug":"voyages-responsables-immersion-locale-2","status":"publish","type":"post","link":"https:\/\/allervoirailleurssijysuis.fr\/index.php\/2026\/08\/30\/voyages-responsables-immersion-locale-2\/","title":{"rendered":"Voyages responsables et immersion locale : repenser le voyage pour des exp\u00e9riences dignes et durables"},"content":{"rendered":"<p>Les voyages responsables s&rsquo;inscrivent dans une approche syst\u00e9mique o\u00f9 l&rsquo;inclusion, l&rsquo;accessibilit\u00e9 et la qualit\u00e9 des \u00e9changes priment sur l&rsquo;accumulation d&rsquo;images \u00e9ph\u00e9m\u00e8res. Adopter ce cadre signifie choisir des itin\u00e9raires qui privil\u00e9gient les communaut\u00e9s locales, les savoir-faire et les ressources locales sans \u00e9puiser les territoires. Cela passe par une planification r\u00e9aliste des d\u00e9placements, des h\u00e9bergements qui mettent en valeur les personnes et les lieux, et des activit\u00e9s qui favorisent les \u00e9changes authentiques plut\u00f4t que les clich\u00e9s touristiques.<\/p>\n<p>Pour contextualiser ces choix, l&rsquo;examen des pratiques d&rsquo;inclusion montre des marges d&rsquo;am\u00e9lioration claires, notamment en mati\u00e8re d&rsquo;accessibilit\u00e9 physique et d&rsquo;informations adapt\u00e9es. Des itin\u00e9raires lisibles, des tarifs \u00e9quitables et des services qui s&rsquo;adaptent \u00e0 toutes les capacit\u00e9s font partie des engagements essentiels. <a href=\"https:\/\/allervoirailleurssijysuis.fr\/?p=172\">Voyages responsables et accessibilit\u00e9 : voyager pour tous<\/a> peut servir de cadre de r\u00e9f\u00e9rence.<\/p>\n<p>Int\u00e9grer l&rsquo;immersion locale implique de co-construire les exp\u00e9riences avec les communaut\u00e9s, plut\u00f4t que de les observer de loin. Cela signifie prendre le temps d&rsquo;\u00e9couter, de respecter les savoir-faire vivants et de privil\u00e9gier des \u00e9changes \u00e9quitables avec des guides locaux form\u00e9s, des ateliers et des projets communautaires r\u00e9mun\u00e9r\u00e9s.<\/p>\n","protected":false},"excerpt":{"rendered":"<p>Explorer un tourisme qui combine inclusion, immersion locale et pratiques responsables, sans clich\u00e9s, pour des voyages b\u00e9n\u00e9fiques aux personnes et aux territoir<\/p>\n","protected":false},"author":2,"featured_media":0,"comment_status":"closed","ping_status":"closed","sticky":false,"template":"","format":"standard","meta":{"footnotes":"","rank_math_title":"","rank_math_description":"","rank_math_canonical_url":""},"categories":[1],"tags":[],"class_list":["post-289","post","type-post","status-publish","format-standard","hentry","category-blog","entry"],"_links":{"self":[{"href":"https:\/\/allervoirailleurssijysuis.fr\/index.php\/wp-json\/wp\/v2\/posts\/289","targetHints":{"allow":["GET"]}}],"collection":[{"href":"https:\/\/allervoirailleurssijysuis.fr\/index.php\/wp-json\/wp\/v2\/posts"}],"about":[{"href":"https:\/\/allervoirailleurssijysuis.fr\/index.php\/wp-json\/wp\/v2\/types\/post"}],"author":[{"embeddable":true,"href":"https:\/\/allervoirailleurssijysuis.fr\/index.php\/wp-json\/wp\/v2\/users\/2"}],"replies":[{"embeddable":true,"href":"https:\/\/allervoirailleurssijysuis.fr\/index.php\/wp-json\/wp\/v2\/comments?post=289"}],"version-history":[{"count":1,"href":"https:\/\/allervoirailleurssijysuis.fr\/index.php\/wp-json\/wp\/v2\/posts\/289\/revisions"}],"predecessor-version":[{"id":295,"href":"https:\/\/allervoirailleurssijysuis.fr\/index.php\/wp-json\/wp\/v2\/posts\/289\/revisions\/295"}],"wp:attachment":[{"href":"https:\/\/allervoirailleurssijysuis.fr\/index.php\/wp-json\/wp\/v2\/media?parent=289"}],"wp:term":[{"taxonomy":"category","embeddable":true,"href":"https:\/\/allervoirailleurssijysuis.fr\/index.php\/wp-json\/wp\/v2\/categories?post=289"},{"taxonomy":"post_tag","embeddable":true,"href":"https:\/\/allervoirailleurssijysuis.fr\/index.php\/wp-json\/wp\/v2\/tags?post=289"}],"curies":[{"name":"wp","href":"https:\/\/api.w.org\/{rel}","templated":true}]}}